{"id":1342,"date":"2024-01-04T20:31:30","date_gmt":"2024-01-04T17:31:30","guid":{"rendered":"https:\/\/ru.sarmatarecro.com\/blog\/?p=1342"},"modified":"2024-02-18T17:59:23","modified_gmt":"2024-02-18T14:59:23","slug":"nadzieja-umiera-ostatnia-badanie-dwoch-rodzin-kozackich","status":"publish","type":"post","link":"https:\/\/pl.sarmatarecro.com\/blog\/nadzieja-umiera-ostatnia-badanie-dwoch-rodzin-kozackich","title":{"rendered":"Nadzieja umiera ostatni\u0105. Badanie dw\u00f3ch rodzin kozackich"},"content":{"rendered":"\n<p class=\"has-text-align-center\"><strong>Sytuacja pocz\u0105tkowa<\/strong><\/p>\n\n\n\n<p>Zwr\u00f3ci\u0142a si\u0119 do nas osoba z pro\u015bb\u0105 o odnalezienie swoich przodk\u00f3w, mieszka\u0144c\u00f3w wsi Szy\u0142\u00f3wka, powiat Chorolski, gubernia Po\u0142tawska. Po kr\u00f3tkim zapoznaniu si\u0119 z zachowaniem g\u0142\u00f3wnych \u017ar\u00f3de\u0142 genealogicznych (ksi\u0119gi metrykalne, spisy konfesyjne, ksi\u0119gi rewizijne) oraz histori\u0105 osady, poinformowali\u015bmy klienta, \u017ce \u200b\u200bszanse na odnalezienie czegokolwiek s\u0105 nik\u0142e: dokumenty archiwalne zosta\u0142y spalone podczas Drugiej wojny \u015bwiatowej. Praca w podobnej sytuacji by\u0142a mo\u017cliwa jedynie z tzw. wt\u00f3rnymi \u017ar\u00f3d\u0142ami genealogicznymi, jednak szanse na pozytywny wynik by\u0142y niewielkie.<\/p>\n\n\n\n<p>Wyj\u015bcie z takiej sytuacji jest zazwyczaj jedno z dwojga: albo zaakceptowa\u0107 fakt, \u017ce nigdy nie poznasz rodowodu linii interesuj\u0105cych Ci\u0119 przodk\u00f3w, albo zaryzykowa\u0107 i zajrze\u0107 do wy\u017cej wymienionych \u017ar\u00f3de\u0142 wt\u00f3rnych, kt\u00f3re przetrwa\u0142y (co obejmuj\u0105, opowiem poni\u017cej). Klient po rozwa\u017ceniu wszystkich za i przeciw zgodzi\u0142 si\u0119 na wsp\u00f3\u0142prac\u0119.<\/p>\n\n\n\n<p>Dane wyj\u015bciowe byli nast\u0119puj\u0105ce. Iwaniec Wasyl Jakymowicz urodzi\u0142 si\u0119 oko\u0142o 1888 roku we wsi kozackiej Szy\u0142\u00f3wka, w gminie kalenikowskiej, w powiecie Chorolskim, w gubernii Po\u0142tawskiej. \u017bona Wasyla Jakimowicza nazywa\u0142a si\u0119 Zorya Paraskovia Kharitonivna (ur. ok. 1886 r. w tym samym miejscu). W ma\u0142\u017ce\u0144stwie by\u0142o dwoje dzieci. Oko\u0142o 1914 r. rodzina Wasyla Akimowicza przenios\u0142a si\u0119 do gubernii Orenburgskiej.<\/p>\n\n\n\n<p>Na pocz\u0105tku konieczne by\u0142o zabezpieczenie wszelkich mo\u017cliwych dokument\u00f3w, kt\u00f3re teoretycznie mog\u0142yby zawiera\u0107 wt\u00f3rne informacje genealogiczne z dziej\u00f3w rod\u00f3w Iwaniec i Zorya, przydatne w odtworzeniu genealogii. Poszukiwa\u0144 dokument\u00f3w dokonano w Centralnym Pa\u0144stwowym Archiwum Historycznym miasta Kijowa (CDIAK), Pa\u0144stwowym Archiwum Obwodu Po\u0142tawskiego (DAPO) i Pa\u0144stwowym Archiwum Obwodu Czernihowskiego (DACZO).<\/p>\n\n\n\n<p class=\"has-text-align-center\"><strong>Wsp\u00f3\u0142pracuj ze \u015brodkami milicji kozackiej w CDIAK<\/strong><\/p>\n\n\n\n<p>W CDIAK zidentyfikowano 19 fond\u00f3w o potencjalnej warto\u015bci i opracowano ich opisy. W rezultacie wykryto przypadki, kt\u00f3re dotyczy\u0142y g\u0142\u00f3wnie nieregularnych boj\u00f3wek kozackich podczas konflikt\u00f3w zbrojnych w XIX wieku, kt\u00f3re powsta\u0142y z teren\u00f3w guberni Po\u0142tawskiej i Czernihowskiej. S\u0105 to przede wszystkim formu\u0142owe spisy, a tak\u017ce innego rodzaju listy kozak\u00f3w, kt\u00f3rzy s\u0142u\u017cyli.<\/p>\n\n\n\n<p>Milicje kozackie (czasem ch\u0142opskie) na Lewobrze\u017cnej Ukrainie powstawa\u0142y w XIX wieku czterokrotnie: podczas Wojny Ojczy\u017anianej 1812 r. (wojna rosyjsko-francuska), podczas polskiego powstania Listopadowego 1830 r. (wojna rosyjsko-polska), podczas Wojny Krymskiej 1853 \u2013 1856 lat i podczas powstania Styczniowego 1863 r. Zachowa\u0142y si\u0119 dokumenty dotycz\u0105ce trzech ostatnich wydarze\u0144.<\/p>\n\n\n\n<p>Za ka\u017cdym razem z osad lewobrze\u017cnych rekrutowano kozak\u00f3w, kt\u00f3rych zaci\u0105gano do pu\u0142k\u00f3w kozackich lekkiej kawalerii, a za ka\u017cdym razem po zako\u0144czeniu aktywnych dzia\u0142a\u0144 wojennych pu\u0142ki rozwi\u0105zywano.<\/p>\n\n\n\n<p>Dzi\u0119ki wspomnianym wydarzeniom op\u00f3\u017aniono pojawienie si\u0119 szeregu \u017ar\u00f3de\u0142, kt\u00f3re mog\u0105 by\u0107 przydatne badaczowi dziej\u00f3w rodziny. Nale\u017cy jednak od razu zaznaczy\u0107, \u017ce zawarte w nich informacje dotycz\u0105 wy\u0142\u0105cznie os\u00f3b zmobilizowanych do wspomnianych pu\u0142k\u00f3w.<\/p>\n\n\n\n<p>Dokumenty przechowywane s\u0105 w nast\u0119puj\u0105cych fondach:<\/p>\n\n\n\n<ul class=\"wp-block-list\">\n<li>1378, 1284 (Powstanie Listopadowe, 1830 \u2013 1831 lata)<\/li>\n\n\n\n<li>1379, 1276 (Wojna Krymska, 1853 \u2013 1856 lata)<\/li>\n\n\n\n<li>1346, 1298 (Powstanie Styczniowe, 1863 \u2013 1864 lata)<\/li>\n<\/ul>\n\n\n\n<p>W formularnych spisach tych fond\u00f3w wskazane s\u0105 szczeg\u00f3\u0142owe dane biograficzne: w szczeg\u00f3lno\u015bci miejsce urodzenia\/ zamieszkania, data urodzenia, sk\u0142ad rodziny.<\/p>\n\n\n\n<p>W ramach bada\u0144 genealogii rod\u00f3w Iwaniec i Zorya sprawdzili\u015bmy dwadzie\u015bcia spraw z tych fond\u00f3w, ale wynik okaza\u0142 si\u0119 negatywny. Odnaleziono 14 mieszka\u0144c\u00f3w badanej wsi Szy\u0142\u00f3wka \u2013 cz\u0142onk\u00f3w boj\u00f3wek kozackich \u2013 nie by\u0142o tam jednak \u017cadnych nosicieli poszukiwanych nazwisk.<\/p>\n\n\n\n<p>Warto zaznaczy\u0107, \u017ce w CDIAK zachowa\u0142y si\u0119 jeszcze niekt\u00f3re ksi\u0119gi metrykalne i jeden spis konfesyjny o Szy\u0142\u00f3wce, ale dotyczy\u0142y one drugiej po\u0142owy XVIII wieku. I cho\u0107 znale\u017ali\u015bmy w\u015br\u00f3d nich nosicieli nazwisk Iwaniec i Zorya, korzy\u015bci z tego by\u0142y niewielkie: znalezionych informacji nie uda\u0142o si\u0119 po\u0142\u0105czy\u0107 z dost\u0119pnymi danymi \u017ar\u00f3d\u0142owymi z ko\u0144ca XIX wieku. Jedyna rzecz: by\u0142o jasne, \u017ce <strong>badana rodzina by\u0142a rdzenna<\/strong>, to znaczy zamieszkiwa\u0142a Szi\u0142owk\u0119 w XVIII w., a tak\u017ce od czas\u00f3w staro\u017cytnych nale\u017ca\u0142a do wsp\u00f3lnoty kozackiej.<\/p>\n\n\n<div class=\"wp-block-image\">\n<figure class=\"aligncenter size-large\"><img loading=\"lazy\" decoding=\"async\" width=\"1024\" height=\"372\" src=\"https:\/\/ru.sarmatarecro.com\/blog\/wp-content\/uploads\/2023\/12\/0960-\u043a\u043e\u043f\u0438\u044f-1024x372.jpg\" alt=\"\" class=\"wp-image-1306\" srcset=\"https:\/\/pl.sarmatarecro.com\/blog\/wp-content\/uploads\/2023\/12\/0960-\u043a\u043e\u043f\u0438\u044f-1024x372.jpg 1024w, https:\/\/pl.sarmatarecro.com\/blog\/wp-content\/uploads\/2023\/12\/0960-\u043a\u043e\u043f\u0438\u044f-300x109.jpg 300w, https:\/\/pl.sarmatarecro.com\/blog\/wp-content\/uploads\/2023\/12\/0960-\u043a\u043e\u043f\u0438\u044f-768x279.jpg 768w, https:\/\/pl.sarmatarecro.com\/blog\/wp-content\/uploads\/2023\/12\/0960-\u043a\u043e\u043f\u0438\u044f-604x219.jpg 604w, https:\/\/pl.sarmatarecro.com\/blog\/wp-content\/uploads\/2023\/12\/0960-\u043a\u043e\u043f\u0438\u044f.jpg 1407w\" sizes=\"auto, (max-width: 1024px) 100vw, 1024px\" \/><figcaption class=\"wp-element-caption\">Wzmianka o Afanasym Zorenko, przodku Kharytona Zorya, 1785 r.<\/figcaption><\/figure>\n<\/div>\n\n\n<p>Poszukiwania potencjalnie cennych fond\u00f3w i \u017ar\u00f3de\u0142 w archiwum Czernihowskim r\u00f3wnie\u017c nie przynios\u0142y specjalnego rezultatu. Znaleziono w nim jedn\u0105 ksi\u0119g\u0119 metrykaln\u0105 za rok 1785 oraz spisy parafian za rok 1771. Dokumenty nie mog\u0142y mie\u0107 wp\u0142ywu na sytuacj\u0119.<\/p>\n\n\n\n<p><\/p>\n\n\n\n<p><\/p>\n\n\n\n<p class=\"has-text-align-center\"><strong>Praca z dokumentami rekrutacyjnymi w DAPO<\/strong><\/p>\n\n\n\n<p>Nast\u0119pnie, zgodnie z planem, trwa\u0142y prace w archiwum w Po\u0142tawie. Poszukiwania potencjalnie warto\u015bciowych fond\u00f3w i dokument\u00f3w, kt\u00f3re mog\u0142y zawiera\u0107 wt\u00f3rne informacje genealogiczne, da\u0142y nast\u0119puj\u0105ce wyniki. W latach 1850 \u2013 1874 w fondie obecno\u015bci rekrutacyjnej powiatu Chorolskiego odkryto dwadzie\u015bcia jeden spraw. S\u0105 to g\u0142\u00f3wnie spisy formularzowe, kt\u00f3re zawiera\u0142y szczeg\u00f3\u0142owe informacje biograficzne o poborowych (opis wygl\u0105du, umiej\u0119tno\u015bci czytania i pisania, zaw\u00f3d, data urodzenia, miejsce urodzenia\/zamieszkania, imi\u0119 i nazwisko \u017cony, dzieci, je\u015bli s\u0105 dost\u0119pne).<\/p>\n\n\n\n<p>Przetwarzanie pozosta\u0142ych \u015brodk\u00f3w DAPO nie przynios\u0142o rezultat\u00f3w. Tyle, \u017ce odnaleziono ksi\u0119gi stanu cywilnego za lata 1937 \u2013 1941, ale poniewa\u017c rodzina mieszka\u0142a w Szy\u0142\u00f3wce tylko do 1914 r., nie zagl\u0105dali\u015bmy do nich. Cho\u0107 nie jest wykluczone, \u017ce mog\u0142y istnie\u0107 zapisy dotycz\u0105ce bliskich os\u00f3b badanych, kt\u00f3rzy pozostali w Szy\u0142\u00f3wce.<\/p>\n\n\n\n<p>W wyniku wsp\u00f3\u0142pracy z fondem obecno\u015bci rekrutacyjnej powiatu Chorolskiego dokonano przegl\u0105du wszystkich dwudziestu jeden przechowywanych tam spraw i odnaleziono wielu nosz\u0105cych nazwiska Iwaniec i Zorya ze wsi Szy\u0142owka, przedstawiciele wsp\u00f3lnoty kozackiej.<\/p>\n\n\n\n<p>Opr\u00f3cz spis\u00f3w formu\u0142owych, w\u015br\u00f3d dokument\u00f3w fundacji, szczeg\u00f3lnie interesuj\u0105ce by\u0142y materia\u0142y z wiejskich etap\u00f3w procesu poboru, gdzie decydowano, kogo \u201ewci\u0105gn\u0105\u0107 do \u017co\u0142nierzy, a kogo nie, kogo kogo zast\u0105pi\u0107\u201d. Na takie wydarzenia gromadzili si\u0119 prawie wszyscy g\u0142owy rodzin ze wsi i sk\u0142adano ich listy. I tak w materia\u0142ach schod\u00f3w odnaleziono kilku nosicieli nazwiska Iwaniec (nie by\u0142o badanych imion) oraz <strong>Chariton Zorya<\/strong>, rzekomy ojciec Paraskowii Charitonownej, \u017cony badanego Wasyla Jakimowicza Iwanca. By\u0142a to pierwsza dokumentalna wzmianka o istnieniu cz\u0142owieka. Szkoda, \u017ce \u200b\u200bnie podano nazwiska jego ojca.<\/p>\n\n\n\n<p>W spisach formularowych odnaleziono indywidualnych nosicieli nazwiska Iwanec, przyjmowanych do rekrut\u00f3w. A w\u015br\u00f3d nich Jakim Iwaniec, ojciec poddanego Wasyla!<\/p>\n\n\n\n<p>Pojawi\u0142y si\u0119 na nim nast\u0119puj\u0105ce informacje:<\/p>\n\n\n\n<p>\u00ab\u0410\u043a\u0438\u043c \u041c\u0430\u043a\u0441\u0438\u043c\u043e\u0432 \u0418\u0432\u0430\u043d\u0435\u0446; \u0432\u043e\u0437\u0440\u0430\u0441\u0442 \u043d\u0435 \u0443\u043a\u0430\u0437\u0430\u043d; \u0440\u043e\u0441\u0442 2 \u0430\u0440\u0448 3 6\/8 \u0432\u0435\u0440\u0448\u043a\u0430; \u0432\u043e\u043b\u043e\u0441\u044b \u0447\u0435\u0440\u043d\u044b\u0435; \u0433\u043b\u0430\u0437\u0430 \u0441\u0435\u0440\u044b\u0435; \u043d\u043e\u0441, \u0440\u043e\u0442, \u043f\u043e\u0434\u0431\u043e\u0440\u043e\u0434\u043e\u043a \u0443\u043c\u0435\u0440\u0435\u043d\u043d\u044b\u0435; \u043b\u0438\u0446\u043e \u0447\u0438\u0441\u0442\u043e\u0435; \u043f\u0440\u0438\u043c\u0435\u0442 \u043d\u0435\u0442; \u0438\u0437 \u043a\u0430\u0437\u0430\u043a\u043e\u0432 \u041a\u0430\u043b\u0435\u043d\u0438\u043a\u043e\u0432\u0441\u043a\u043e\u0439 \u0432\u043e\u043b \u0441\u0435\u043b\u0430 \u0428\u0438\u043b\u043e\u0432\u043a\u0438; \u043e\u0444\u043e\u0440\u043c\u043b\u0435\u043d 27 \u0444\u0435\u0432. 1871\u0433.; \u043f\u0440\u0430\u0432\u043e\u0441\u043b\u0430\u0432\u043d\u044b\u0439, \u0436\u0435\u043d\u0430\u0442. \u0416\u0435\u043d\u0430 \u0415\u0432\u0433\u0435\u043d\u0438\u044f \u0413\u0435\u0440\u0430\u0441\u0438\u043c\u043e\u0432\u0430, \u0434\u0435\u0442\u0435\u0439 \u043d\u0435\u0442; \u0447\u0438\u0442\u0430\u0442\u044c \u043f\u0438\u0441\u0430\u0442\u044c \u043d\u0435 \u0443\u043c\u0435\u0435\u0442, \u0440\u0435\u043c\u0435\u0441\u043b\u0430 \u043d\u0435 \u0437\u043d\u0430\u0435\u0442.\u00bb<\/p>\n\n\n\n<p>W innym dokumencie znajdujemy tak\u017ce jego wiek:<\/p>\n\n\n\n<p>&#8220;\u0410\u043a\u0438\u043c \u041c\u0430\u043a\u0441\u0438\u043c\u043e\u0432 \u0418\u0432\u0430\u043d\u0435\u0446, 23 \u043b\u0435\u0442, \u0440\u043e\u0441\u0442 2 \u0430\u0440\u0448 3 6\/8 \u0432\u0435\u0440\u0448\u043a\u0430, \u043a \u0441\u043b\u0443\u0436\u0431\u0435 \u0433\u043e\u0434\u0435\u043d.&#8221;<\/p>\n\n\n\n<figure class=\"wp-block-image size-large\"><img loading=\"lazy\" decoding=\"async\" width=\"1024\" height=\"379\" src=\"https:\/\/ru.sarmatarecro.com\/blog\/wp-content\/uploads\/2023\/12\/DSCN8075-\u043a\u043e\u043f\u0438\u044f-1-1024x379.jpg\" alt=\"\" class=\"wp-image-1313\" srcset=\"https:\/\/pl.sarmatarecro.com\/blog\/wp-content\/uploads\/2023\/12\/DSCN8075-\u043a\u043e\u043f\u0438\u044f-1-1024x379.jpg 1024w, https:\/\/pl.sarmatarecro.com\/blog\/wp-content\/uploads\/2023\/12\/DSCN8075-\u043a\u043e\u043f\u0438\u044f-1-300x111.jpg 300w, https:\/\/pl.sarmatarecro.com\/blog\/wp-content\/uploads\/2023\/12\/DSCN8075-\u043a\u043e\u043f\u0438\u044f-1-768x284.jpg 768w, https:\/\/pl.sarmatarecro.com\/blog\/wp-content\/uploads\/2023\/12\/DSCN8075-\u043a\u043e\u043f\u0438\u044f-1-1536x568.jpg 1536w, https:\/\/pl.sarmatarecro.com\/blog\/wp-content\/uploads\/2023\/12\/DSCN8075-\u043a\u043e\u043f\u0438\u044f-1-2048x758.jpg 2048w, https:\/\/pl.sarmatarecro.com\/blog\/wp-content\/uploads\/2023\/12\/DSCN8075-\u043a\u043e\u043f\u0438\u044f-1-604x223.jpg 604w\" sizes=\"auto, (max-width: 1024px) 100vw, 1024px\" \/><figcaption class=\"wp-element-caption\">Wzmianka o Jakymie Iwancu w formularze, F.987, Op.1, Spr.78, L.73zv<\/figcaption><\/figure>\n\n\n\n<p>Mo\u017cna by\u0142o od razu \u201eg\u0142\u0119biej\u201d przesun\u0105\u0107 si\u0119 o jedno pokolenie: znane sta\u0142o si\u0119 imi\u0119 ojca Jakyma \u2013 Maksym, a tak\u017ce rok urodzenia Jakyma \u2013 1848 (je\u015bli przyj\u0105\u0107 \u015bredni\u0105 warto\u015b\u0107 pokolenia na 30 lat, to Maksym Iwaniec by\u0142 urodzony oko\u0142o 1818 r.). Ponadto sta\u0142o si\u0119 znane imi\u0119 \u017cony Jakyma \u2013 Evgeniya Gerasimowna. Potwierdzi\u0142a si\u0119 tak\u017ce rodzinna legenda o s\u0142u\u017cbie przodka w armii carskiej.<\/p>\n\n\n\n<p class=\"has-text-align-center\"><strong>Z pomoc\u0105 przychodzi znajomo\u015b\u0107 historii<\/strong><\/p>\n\n\n\n<p>Troch\u0119 wi\u0119cej o s\u0142u\u017cbie wojskowej. Z informacji ujawnionych powy\u017cej wynika, \u017ce \u200b\u200bJakym Maksymowicz Iwaniec zosta\u0142 powo\u0142any do s\u0142u\u017cby poborowej w lutym 1871 r.<\/p>\n\n\n\n<p>Jak wiadomo, w 1874 r. W Cesarstwie Rosyjskim mia\u0142a miejsce reforma wojskowa: pob\u00f3r do armii zast\u0105piono powszechn\u0105 s\u0142u\u017cb\u0105 wojskow\u0105. Reforma obj\u0119\u0142a tak\u017ce tych rekrut\u00f3w, kt\u00f3rzy s\u0142u\u017cyli ju\u017c w 1874 roku. Zatem zgodnie ze Statutem z 1874 r. ca\u0142kowity okres s\u0142u\u017cby Jakyma Iwaneca powinien wynosi\u0107 15 lat, a okres s\u0142u\u017cby czynnej \u2013 6 lat. Ale w 1877 r. rozpocz\u0119\u0142a si\u0119 wojna rosyjsko-turecka.<\/p>\n\n\n\n<p>Istnieje bardzo du\u017ce prawdopodobie\u0144stwo, \u017ce Jakym Maksymowicz bra\u0142 udzia\u0142 w dzia\u0142aniach wojennych lat 1877 \u2013 1878.<\/p>\n\n\n\n<p>Wojna rosyjsko-turecka zako\u0144czy\u0142a si\u0119 19 lutego 1878 podpisaniem traktatu pokojowego w San Stefano. Jednak armia rosyjska znajdowa\u0142a si\u0119 w stanie pe\u0142nej gotowo\u015bci bojowej przez kolejne sze\u015b\u0107 miesi\u0119cy, a faktyczne zwalnianie ludzi rozpocz\u0119\u0142o si\u0119 dopiero po wydaniu \u201eNaczelnego Dow\u00f3dztwa Cesarza\u201d 25 lipca. Na podstawie ok\u00f3lnika Sztabu Generalnego z dnia 29 lipca 1878 r. pod nr 2145, ni\u017cszych stopni i milicjant\u00f3w kozackich zwolniono ze s\u0142u\u017cby czynnej do rezerwy i na emerytur\u0119. I tak rekruci komplet\u00f3w sprzed 1859 r. (g\u0142\u00f3wnie w okresie wojny krymskiej) i komplet\u00f3w 1863 r. byli zwalniani po odbyciu 20, 15 i wi\u0119cej lat. Pozosta\u0142e ni\u017csze stopnie przeniesiono do rezerwy.<\/p>\n\n\n\n<figure class=\"wp-block-image size-full\"><img loading=\"lazy\" decoding=\"async\" width=\"1024\" height=\"736\" src=\"https:\/\/ru.sarmatarecro.com\/blog\/wp-content\/uploads\/2023\/12\/19_soldier.jpg\" alt=\"\" class=\"wp-image-1315\" srcset=\"https:\/\/pl.sarmatarecro.com\/blog\/wp-content\/uploads\/2023\/12\/19_soldier.jpg 1024w, https:\/\/pl.sarmatarecro.com\/blog\/wp-content\/uploads\/2023\/12\/19_soldier-300x216.jpg 300w, https:\/\/pl.sarmatarecro.com\/blog\/wp-content\/uploads\/2023\/12\/19_soldier-768x552.jpg 768w, https:\/\/pl.sarmatarecro.com\/blog\/wp-content\/uploads\/2023\/12\/19_soldier-376x270.jpg 376w\" sizes=\"auto, (max-width: 1024px) 100vw, 1024px\" \/><figcaption class=\"wp-element-caption\">Emerytowany ni\u017cszy stopie\u0144 wojskowy, rysunek nowoczesny.<\/figcaption><\/figure>\n\n\n\n<p>Zatem, wed\u0142ug tych oblicze\u0144, Jakim Maksymowicz m\u00f3g\u0142 zosta\u0107 zwolniony do rezerwy i wr\u00f3ci\u0107 do rodzinnej Szy\u0142\u00f3wki, gdzie wkr\u00f3tce si\u0119 o\u017ceni\u0142, jesieni\u0105 1878 r. (po wydaniu rozkazu Sztabu Generalnego z 25 lipca 1878 r.) .<\/p>\n\n\n\n<p>Po 15 latach s\u0142u\u017cby przeszed\u0142 na emerytur\u0119 \u2013 w 1886 r.<\/p>\n\n\n\n<p>To by\u0142 koniec pracy w DAPO. Jednocze\u015bnie pozosta\u0142y perspektywy pracy z dokumentami rekrutacyjnymi sprzed 1850 roku.<\/p>\n\n\n\n<p class=\"has-text-align-center\"><strong>Po\u0142\u0105cz to wszystko razem. \u0179r\u00f3d\u0142a z Ho\u0142odomoru<\/strong><\/p>\n\n\n\n<p>Zako\u0144czenie archiwalnej fazy bada\u0144 nie zawsze oznacza zako\u0144czenie samych bada\u0144. Nast\u0119pnie zdecydowali\u015bmy si\u0119 na prac\u0119 z otwartymi \u017ar\u00f3d\u0142ami genealogicznymi i bazami danych dotycz\u0105cymi badanej wsi Szy\u0142\u00f3wka. Zalecamy, aby nigdy nie zaniedbywa\u0107 tego etapu.<\/p>\n\n\n\n<p>W takich przypadkach zazwyczaj sprawdzamy nast\u0119puj\u0105ce zasoby:<\/p>\n\n\n\n<ol class=\"wp-block-list\">\n<li>Wed\u0142ug uczestnik\u00f3w I wojny \u015bwiatowej 1914 \u2013 1918 (dwie bazy);<\/li>\n\n\n\n<li>Wed\u0142ug uczestnik\u00f3w II wojny \u015bwiatowej 1939 \u2013 1945 (trzy bazy);<\/li>\n\n\n\n<li>O represjonowanych od 1937 do 1946 (jedno \u017ar\u00f3d\u0142o);<\/li>\n\n\n\n<li>Wed\u0142ug Ho\u0142odomoru z lat 1932-1933 (jedno \u017ar\u00f3d\u0142o).<\/li>\n<\/ol>\n\n\n\n<p>Nosiciele potrzebnych nam nazwisk odnaleziono w bazach 1 i 2. Nie b\u0119dziemy si\u0119 nad tym szczeg\u00f3\u0142owo rozwodzi\u0107; s\u0105 to wszyscy dalsi krewni badanych os\u00f3b. Wspomnijmy tylko, \u017ce cz\u0119\u015b\u0107 krewnych okaza\u0142a si\u0119 oficerami Armii Czerwonej, a w przysz\u0142o\u015bci istnieje mo\u017cliwo\u015b\u0107 odebrania dla nich metryki s\u0142u\u017cby w Centralne Archiwum Ministerstwa Obrony w Rosji (gdzie mi\u0119dzy innymi informacjami biograficznymi nale\u017cy poda\u0107 informacj\u0119 o sk\u0142adzie rodziny wskazany).<\/p>\n\n\n\n<p>Wed\u0142ug bazy 3 nic nie znaleziono, natomiast wed\u0142ug punktu 4 \u2013 mn\u00f3stwo informacji!<\/p>\n\n\n\n<p>W ten spos\u00f3b odnaleziono 18 nosicieli nazwiska Zorya i 49 nosicieli nazwiska Iwaniec (w\u015br\u00f3d nich wiele dzieci), kt\u00f3rzy zmarli w latach 1932 \u2013 1933 podczas Wielkiego G\u0142odu. Z genealogicznego punktu widzenia informacje okaza\u0142y si\u0119 bardzo przydatne w przypadku linii Zorya, gdy\u017c uda\u0142o si\u0119 ustali\u0107 pokrewie\u0144stwo pomi\u0119dzy wszystkimi 18 nosicielami nazwiska a osobami badanymi przez Charitona i jego c\u00f3rk\u0119 Paraskovi\u0119 Zory\u0119 (patrz drzewo). Odkryto tak\u017ce hipotetyczn\u0105 \u017con\u0119 Charitona Zoriego, Chim\u0119 Jakown\u0119, ale poniewa\u017c nie uda\u0142o si\u0119 tego potwierdzi\u0107 dokumentami, nie zosta\u0142a uj\u0119ta w drzewie.<\/p>\n\n\n\n<figure data-wp-context=\"{&quot;imageId&quot;:&quot;69f2ef8f611a4&quot;}\" data-wp-interactive=\"core\/image\" data-wp-key=\"69f2ef8f611a4\" class=\"wp-block-image size-large wp-lightbox-container\"><img loading=\"lazy\" decoding=\"async\" width=\"1024\" height=\"457\" data-wp-class--hide=\"state.isContentHidden\" data-wp-class--show=\"state.isContentVisible\" data-wp-init=\"callbacks.setButtonStyles\" data-wp-on--click=\"actions.showLightbox\" data-wp-on--load=\"callbacks.setButtonStyles\" data-wp-on-window--resize=\"callbacks.setButtonStyles\" src=\"https:\/\/ru.sarmatarecro.com\/blog\/wp-content\/uploads\/2024\/01\/\u0438\u0432\u0430\u043d\u0435\u0446-\u0437\u0430\u0440\u044f-pol-1024x457.png\" alt=\"\" class=\"wp-image-1370\" srcset=\"https:\/\/pl.sarmatarecro.com\/blog\/wp-content\/uploads\/2024\/01\/\u0438\u0432\u0430\u043d\u0435\u0446-\u0437\u0430\u0440\u044f-pol-1024x457.png 1024w, https:\/\/pl.sarmatarecro.com\/blog\/wp-content\/uploads\/2024\/01\/\u0438\u0432\u0430\u043d\u0435\u0446-\u0437\u0430\u0440\u044f-pol-300x134.png 300w, https:\/\/pl.sarmatarecro.com\/blog\/wp-content\/uploads\/2024\/01\/\u0438\u0432\u0430\u043d\u0435\u0446-\u0437\u0430\u0440\u044f-pol-768x343.png 768w, https:\/\/pl.sarmatarecro.com\/blog\/wp-content\/uploads\/2024\/01\/\u0438\u0432\u0430\u043d\u0435\u0446-\u0437\u0430\u0440\u044f-pol-1536x685.png 1536w, https:\/\/pl.sarmatarecro.com\/blog\/wp-content\/uploads\/2024\/01\/\u0438\u0432\u0430\u043d\u0435\u0446-\u0437\u0430\u0440\u044f-pol-2048x914.png 2048w, https:\/\/pl.sarmatarecro.com\/blog\/wp-content\/uploads\/2024\/01\/\u0438\u0432\u0430\u043d\u0435\u0446-\u0437\u0430\u0440\u044f-pol-604x270.png 604w\" sizes=\"auto, (max-width: 1024px) 100vw, 1024px\" \/><button\n\t\t\tclass=\"lightbox-trigger\"\n\t\t\ttype=\"button\"\n\t\t\taria-haspopup=\"dialog\"\n\t\t\taria-label=\"Enlarge\"\n\t\t\tdata-wp-init=\"callbacks.initTriggerButton\"\n\t\t\tdata-wp-on--click=\"actions.showLightbox\"\n\t\t\tdata-wp-style--right=\"state.imageButtonRight\"\n\t\t\tdata-wp-style--top=\"state.imageButtonTop\"\n\t\t>\n\t\t\t<svg xmlns=\"http:\/\/www.w3.org\/2000\/svg\" width=\"12\" height=\"12\" fill=\"none\" viewBox=\"0 0 12 12\">\n\t\t\t\t<path fill=\"#fff\" d=\"M2 0a2 2 0 0 0-2 2v2h1.5V2a.5.5 0 0 1 .5-.5h2V0H2Zm2 10.5H2a.5.5 0 0 1-.5-.5V8H0v2a2 2 0 0 0 2 2h2v-1.5ZM8 12v-1.5h2a.5.5 0 0 0 .5-.5V8H12v2a2 2 0 0 1-2 2H8Zm2-12a2 2 0 0 1 2 2v2h-1.5V2a.5.5 0 0 0-.5-.5H8V0h2Z\" \/>\n\t\t\t<\/svg>\n\t\t<\/button><\/figure>\n\n\n\n<p class=\"has-text-align-center\"><strong>Podsumujmy<\/strong><\/p>\n\n\n\n<ol class=\"wp-block-list\">\n<li>Wszyscy zidentyfikowani przez nas w pierwszej po\u0142owie XX wieku nosiciele nazwiska Zorya pochodz\u0105 od urodzonego oko\u0142o 1840 roku kozaka Charitona Zori. Ta wersja jest wy\u015bwietlana jako wykres genealogiczny. Prawdopodobnie imi\u0119 \u017cony Charitona Zoriego brzmia\u0142o Chima Yakowna Zorya. W dokumentach rekrutacyjnych odnaleziono wzmiank\u0119 o samym Charitonie Zorya, natomiast nie ustalono imienia jego ojca. Hipotetycznym przodkiem Charitona Zoriego m\u00f3g\u0142 by\u0107 Opanas (Atanazy) Zorenko, o kt\u00f3rym informacje odnaleziono w metrykach z XVIII w.<\/li>\n\n\n\n<li>Wzd\u0142u\u017c linii Iwaniec w dokumentach rekrutacyjnych odkryto dokumentalne \u015blady najwcze\u015bniejszego znanego przodka, Jakyma. Ustalono\/ potwierdzono fakt jego s\u0142u\u017cby w rosyjskiej armii carskiej, a tak\u017ce mo\u017cliwy udzia\u0142 w wojnie rosyjsko-tureckiej. Ponadto ustalono nazwisko ojca Jakyma \u2013 Maksym Iwaniec, czyli mo\u017cliwe by\u0142o \u201eg\u0142\u0119bokie\u201d przesuni\u0119cie tej linii o jedno pokolenie.<\/li>\n<\/ol>\n\n\n\n<p>Przy tak op\u0142akanym stanie zachowania dokument\u00f3w w archiwach powiedzie\u0107, \u017ce mieli\u015bmy szcz\u0119\u015bcie, to ma\u0142o powiedziane. Szukajcie, a znajdziecie, nawet najmniejsza szansa jest te\u017c szans\u0105.<\/p>\n\n\n\n<p class=\"has-text-align-right\"><strong>Aleksander O. Krasowski<\/strong><\/p>\n","protected":false},"excerpt":{"rendered":"<p>Opis przebiegu bada\u0144 genealogicznych w jednej z osad gubernii Po\u0142tawskiej, kt\u00f3rej ksi\u0119gi metrykalne uleg\u0142y zniszczeniu w czasie II wojny \u015bwiatowej.<\/p>\n","protected":false},"author":3,"featured_media":1323,"comment_status":"open","ping_status":"open","sticky":false,"template":"","format":"standard","meta":{"footnotes":""},"categories":[52],"tags":[],"lang":[49],"class_list":["post-1342","post","type-post","status-publish","format-standard","has-post-thumbnail","hentry","category-nasze-badania","lang-pl"],"acf":[],"_links":{"self":[{"href":"https:\/\/pl.sarmatarecro.com\/blog\/wp-json\/wp\/v2\/posts\/1342","targetHints":{"allow":["GET"]}}],"collection":[{"href":"https:\/\/pl.sarmatarecro.com\/blog\/wp-json\/wp\/v2\/posts"}],"about":[{"href":"https:\/\/pl.sarmatarecro.com\/blog\/wp-json\/wp\/v2\/types\/post"}],"author":[{"embeddable":true,"href":"https:\/\/pl.sarmatarecro.com\/blog\/wp-json\/wp\/v2\/users\/3"}],"replies":[{"embeddable":true,"href":"https:\/\/pl.sarmatarecro.com\/blog\/wp-json\/wp\/v2\/comments?post=1342"}],"version-history":[{"count":3,"href":"https:\/\/pl.sarmatarecro.com\/blog\/wp-json\/wp\/v2\/posts\/1342\/revisions"}],"predecessor-version":[{"id":1371,"href":"https:\/\/pl.sarmatarecro.com\/blog\/wp-json\/wp\/v2\/posts\/1342\/revisions\/1371"}],"wp:featuredmedia":[{"embeddable":true,"href":"https:\/\/pl.sarmatarecro.com\/blog\/wp-json\/wp\/v2\/media\/1323"}],"wp:attachment":[{"href":"https:\/\/pl.sarmatarecro.com\/blog\/wp-json\/wp\/v2\/media?parent=1342"}],"wp:term":[{"taxonomy":"category","embeddable":true,"href":"https:\/\/pl.sarmatarecro.com\/blog\/wp-json\/wp\/v2\/categories?post=1342"},{"taxonomy":"post_tag","embeddable":true,"href":"https:\/\/pl.sarmatarecro.com\/blog\/wp-json\/wp\/v2\/tags?post=1342"},{"taxonomy":"lang","embeddable":true,"href":"https:\/\/pl.sarmatarecro.com\/blog\/wp-json\/wp\/v2\/lang?post=1342"}],"curies":[{"name":"wp","href":"https:\/\/api.w.org\/{rel}","templated":true}]}}